{"id":62,"date":"2015-03-10T14:06:55","date_gmt":"2015-03-10T14:06:55","guid":{"rendered":"http:\/\/stoma.is\/?p=62"},"modified":"2018-10-04T08:52:36","modified_gmt":"2018-10-04T08:52:36","slug":"hugrun","status":"publish","type":"post","link":"http:\/\/stoma.is\/?p=62","title":{"rendered":"\u00deorleifur"},"content":{"rendered":"<p><a href=\"http:\/\/stoma.is\/wp-content\/uploads\/2015\/03\/Stomasamtokin_vefbordar_300x250_Thorleifur.jpg\"><img decoding=\"async\" loading=\"lazy\" class=\" size-medium wp-image-783 alignleft\" src=\"http:\/\/stoma.is\/wp-content\/uploads\/2015\/03\/Stomasamtokin_vefbordar_300x250_Thorleifur-300x250.jpg\" alt=\"Stomasamtokin_vefbordar_300x250_Thorleifur\" width=\"300\" height=\"250\" srcset=\"http:\/\/stoma.is\/wp-content\/uploads\/2015\/03\/Stomasamtokin_vefbordar_300x250_Thorleifur-300x250.jpg 300w, http:\/\/stoma.is\/wp-content\/uploads\/2015\/03\/Stomasamtokin_vefbordar_300x250_Thorleifur.jpg 600w\" sizes=\"(max-width: 300px) 100vw, 300px\" \/><\/a><\/p>\n<p><em>\u00deorleifur h\u00f3f a\u00f0 stunda fimleika eftir a\u00f0 hann f\u00e9kk st\u00f3ma.<\/em><\/p>\n<p>\u00deorleifur var, \u00f3l\u00edk m\u00f6rgum st\u00f3ma\u00feegum, ekki b\u00fainn a\u00f0 hafa meltingarsj\u00fakd\u00f3m \u00ed langan t\u00edma \u00e1\u00f0ur en hann f\u00f3r \u00ed a\u00f0ger\u00f0 \u00e1ri\u00f0 2006. T\u00e6pu \u00e1ri fyrir a\u00f0ger\u00f0 f\u00f3r hann a\u00f0 greina bl\u00f3\u00f0 \u00ed h\u00e6g\u00f0um en me\u00f0 hj\u00e1lp lyfja n\u00e1\u00f0ist a\u00f0 halda einkennunum \u00ed skefjum. Svo veiktist hann skyndilega mj\u00f6g illa sem leiddi til tveggja m\u00e1na\u00f0a sp\u00edtalalegu.\u00a0\u00deegar l\u00e6knarnir s\u00f6g\u00f0u honum a\u00f0 hann \u00feyrfti a\u00f0 f\u00e1 st\u00f3ma vissi hann ekkert hva\u00f0 \u00fea\u00f0 var, en f\u00e9kk \u00fe\u00e1 sta\u00f0festingu a\u00f0 \u00fea\u00f0 myndi gefa honum heilsuna \u00e1 n\u00fd.<\/p>\n<p>\u00deorleifur segir, a\u00f0 fyrir utan \u00fea\u00f0 a\u00f0 hafa fengi\u00f0 fulla heilsu, hafi l\u00edfi\u00f0 l\u00edti\u00f0 hafa breyst\u00a0eftir a\u00f0 hann f\u00e9kk st\u00f3ma. Framan af var hann \u00fe\u00f3 mj\u00f6g vark\u00e1r en eftir \u00fev\u00ed sem t\u00edminn lei\u00f0 f\u00f3r hann a\u00f0 sj\u00e1 a\u00f0 hann gat \u00ed raun allt me\u00f0 st\u00f3ma. Me\u00f0 t\u00edmanum f\u00f3r hann a\u00f0 stunda hlaup, eyddi miklum t\u00edma \u00ed fjallg\u00f6ngum og fjallafer\u00f0um og f\u00f3r \u00e1 endanum a\u00f0 \u00e6fa fimleika. \u00de\u00e1 segir hann a\u00f0 hans helsti sigur hafi veri\u00f0 \u00feegar hann t\u00f3k sitt fyrsta heljast\u00f6kk \u00ed fimleikum, me\u00f0 st\u00f3ma \u00e1 kvi\u00f0, en s\u00ed\u00f0an \u00fe\u00e1 hefur st\u00f6kkunum fj\u00f6lga\u00f0 allnokku\u00f0.<\/p>\n<p>Hann segir sig bara venjulegan str\u00e1k og a\u00f0 hann l\u00edti alveg eins \u00e1 sig n\u00fa og hann ger\u00f0i \u00e1\u00f0ur. Hann hafi \u00fe\u00f3 \u00f6r \u00e1 l\u00edkama s\u00ednum sem eru vitnisbur\u00f0ur um a\u00f0 l\u00edfi\u00f0 er ekki alltaf au\u00f0velt og b\u00fdr hann a\u00f0 \u00feeim l\u00e6rd\u00f3mi og l\u00edfsreynslu.<\/p>\n<p>\u00deorleifur vill koma \u00fev\u00ed \u00e1 framf\u00e6ri a\u00f0 helsta hindrunin er ekki st\u00f3ma\u00f0, heldur hausinn. Hann segir a\u00f0\u00a0\u00fea\u00f0 s\u00e9 h\u00e6gt a\u00f0 gera allt\u00a0me\u00f0 st\u00f3ma, \u00feetta s\u00e9 bara spurning hva\u00f0 ma\u00f0ur vill gera, hvort sem \u00fea\u00f0 er Everest e\u00f0a stuttur g\u00f6ngut\u00far. Loks hvetur hann a\u00f0ra til \u00feess a\u00f0 setja s\u00e9r sm\u00e1 markmi\u00f0 og vinna s\u00ed\u00f0an a\u00f0 \u00fev\u00ed a\u00f0 n\u00e1 \u00fev\u00ed.<\/p>\n<p>Fj\u00f6ldi einstaklinga sem lifa innihaldsr\u00edku l\u00edfi me\u00f0 st\u00f3ma er langur og hvetjandi. H\u00e9r m\u00e1 heyra fleiri s\u00f6gur:<\/p>\n<ul>\n<li><a title=\"Dand\u00fd\" href=\"http:\/\/stoma.is\/\/?p=275\">Dand\u00fd\u00a0<\/a>&#8211;\u00a0<em>T\u00f3k \u00fe\u00e1tt \u00ed Ironman 5 m\u00e1nu\u00f0um eftir a\u00f0 h\u00fan f\u00e9kk st\u00f3ma<\/em><\/li>\n<li><a title=\"Eva\" href=\"http:\/\/stoma.is\/\/?p=66\">Eva<\/a>\u00a0&#8211;\u00a0<em>Fer \u00ed r\u00e6ktina 6-12 sinnum \u00ed viku<\/em><\/li>\n<li><a title=\"Inger\" href=\"http:\/\/stoma.is\/\/?p=254\">Inger\u00a0<\/a>&#8211;\u00a0<i>Sinnir h\u00fasm\u00f3\u00f0rarhlutverkinu af al\u00fa\u00f0<\/i><\/li>\n<li><a title=\"J\u00f3n\" href=\"http:\/\/stoma.is\/\/?p=18\">J\u00f3n\u00a0<\/a>&#8211;<em>\u00a0Gekk \u00e1 Hvannadalshn\u00fak og var\u00f0 \u00fear me\u00f0 fyrsti J-poka \u00feeginn til a\u00f0 gera \u00fea\u00f0<\/em><\/li>\n<li><a title=\"J\u00fal\u00eda\" href=\"http:\/\/stoma.is\/\/?p=243\">J\u00fal\u00eda\u00a0<\/a>&#8211;\u00a0<em>Fer\u00f0ast um heiminn me\u00f0 hlj\u00f3msveit sinni<\/em><\/li>\n<li><a title=\"Sigur\u00f0ur J\u00f3n\" href=\"http:\/\/stoma.is\/\/?p=10\">Sigur\u00f0ur J\u00f3n<\/a>\u00a0&#8211;\u00a0<em>Stundar g\u00f6ngur og sund reglulega<\/em><\/li>\n<li><a title=\"Sonja\" href=\"http:\/\/stoma.is\/\/?p=247\">Sonja\u00a0<\/a>&#8211;\u00a0<em>Er \u00f3l\u00e9tt a\u00f0 s\u00ednu fyrsta barni<\/em><\/li>\n<li><a title=\"\u00deorleifur\" href=\"http:\/\/stoma.is\/\/?p=62\">\u00deorleifur\u00a0<\/a>&#8211;\u00a0<em>H\u00f3f a\u00f0 stunda fimleika eftir a\u00f0 hann f\u00e9kk st\u00f3ma<\/em><\/li>\n<li><a title=\"J\u00f3n\u00edna\" href=\"http:\/\/stoma.is\/?p=779\">J\u00f3n\u00edna<\/a>\u00a0&#8211;\u00a0<em>Eigna\u00f0ist barn \u00e1ri eftir a\u00f0 h\u00fan f\u00e9kk st\u00f3ma<\/em><\/li>\n<li><a title=\"Klara\" href=\"http:\/\/stoma.is\/?p=781\">Klara<\/a>\u00a0&#8211;\u00a0<em>Hefur stunda\u00f0 meiri hreyfingu eftir a\u00f0 h\u00fan f\u00e9kk st\u00f3ma<\/em><\/li>\n<li><a title=\"\u00c1g\u00fast\" href=\"http:\/\/stoma.is\/?p=776\">\u00c1g\u00fast<\/a>\u00a0&#8211;\u00a0<em>Er t\u00ed\u00f0ur sundgestur og leikur s\u00e9r miki\u00f0 \u00e1 fj\u00f6llum<\/em><\/li>\n<\/ul>\n<p>&nbsp;<\/p>\n<p>&nbsp;<\/p>\n","protected":false},"excerpt":{"rendered":"<p>\u00deorleifur h\u00f3f a\u00f0 stunda fimleika eftir a\u00f0 hann f\u00e9kk st\u00f3ma. \u00deorleifur var, \u00f3l\u00edk m\u00f6rgum st\u00f3ma\u00feegum, ekki b\u00fainn a\u00f0 hafa meltingarsj\u00fakd\u00f3m \u00ed langan t\u00edma \u00e1\u00f0ur en hann f\u00f3r \u00ed a\u00f0ger\u00f0 \u00e1ri\u00f0 2006. T\u00e6pu \u00e1ri fyrir a\u00f0ger\u00f0 f\u00f3r hann a\u00f0 greina bl\u00f3\u00f0 \u00ed h\u00e6g\u00f0um en me\u00f0 hj\u00e1lp lyfja n\u00e1\u00f0ist a\u00f0 halda einkennunum \u00ed skefjum. Svo veiktist hann [&hellip;]<\/p>\n","protected":false},"author":1,"featured_media":794,"comment_status":"open","ping_status":"open","sticky":false,"template":"","format":"standard","meta":{"_genesis_hide_title":false,"_genesis_hide_breadcrumbs":false,"_genesis_hide_singular_image":false,"_genesis_hide_footer_widgets":false,"_genesis_custom_body_class":"","_genesis_custom_post_class":"","_genesis_layout":"","footnotes":""},"categories":[3],"tags":[],"jetpack_featured_media_url":"http:\/\/stoma.is\/wp-content\/uploads\/2018\/10\/Stomasamtokin_samfelagsmidar_cover_1640x624_Thorleifur_texti.jpg","_links":{"self":[{"href":"http:\/\/stoma.is\/index.php?rest_route=\/wp\/v2\/posts\/62"}],"collection":[{"href":"http:\/\/stoma.is\/index.php?rest_route=\/wp\/v2\/posts"}],"about":[{"href":"http:\/\/stoma.is\/index.php?rest_route=\/wp\/v2\/types\/post"}],"author":[{"embeddable":true,"href":"http:\/\/stoma.is\/index.php?rest_route=\/wp\/v2\/users\/1"}],"replies":[{"embeddable":true,"href":"http:\/\/stoma.is\/index.php?rest_route=%2Fwp%2Fv2%2Fcomments&post=62"}],"version-history":[{"count":13,"href":"http:\/\/stoma.is\/index.php?rest_route=\/wp\/v2\/posts\/62\/revisions"}],"predecessor-version":[{"id":815,"href":"http:\/\/stoma.is\/index.php?rest_route=\/wp\/v2\/posts\/62\/revisions\/815"}],"wp:featuredmedia":[{"embeddable":true,"href":"http:\/\/stoma.is\/index.php?rest_route=\/wp\/v2\/media\/794"}],"wp:attachment":[{"href":"http:\/\/stoma.is\/index.php?rest_route=%2Fwp%2Fv2%2Fmedia&parent=62"}],"wp:term":[{"taxonomy":"category","embeddable":true,"href":"http:\/\/stoma.is\/index.php?rest_route=%2Fwp%2Fv2%2Fcategories&post=62"},{"taxonomy":"post_tag","embeddable":true,"href":"http:\/\/stoma.is\/index.php?rest_route=%2Fwp%2Fv2%2Ftags&post=62"}],"curies":[{"name":"wp","href":"https:\/\/api.w.org\/{rel}","templated":true}]}}