{"id":1167,"date":"2025-10-02T10:08:46","date_gmt":"2025-10-02T10:08:46","guid":{"rendered":"https:\/\/stoma.is\/?p=1167"},"modified":"2025-10-02T10:08:46","modified_gmt":"2025-10-02T10:08:46","slug":"althjodadagur-stomathega-4-oktober","status":"publish","type":"post","link":"http:\/\/stoma.is\/?p=1167","title":{"rendered":"Al\u00fej\u00f3\u00f0adagur st\u00f3ma\u00feega 4. okt\u00f3ber"},"content":{"rendered":"\n<p>Al\u00fej\u00f3\u00f0adagur st\u00f3ma\u00feega, 4. okt\u00f3ber 2025, ber yfirskriftina: \u201eFalin f\u00f6tlun, s\u00fdnilegur stu\u00f0ningur. Al\u00fej\u00f3\u00f0leg samsta\u00f0a st\u00f3ma\u00feega.\u201c<\/p>\n\n\n\n<p>Af \u00fev\u00ed tilefni, og til a\u00f0 fagna 45 \u00e1ra afm\u00e6li samtakanna, viljum vi\u00f0 efla stu\u00f0ning okkar vi\u00f0 st\u00f3ma\u00feega \u00ed Afr\u00edku. Undanfarin \u00e1r h\u00f6fum vi\u00f0 styrkt st\u00f3masamt\u00f6k \u00ed \u00e1lfunni, a\u00f0allega \u00ed Simbabve og Samb\u00edu, me\u00f0 fj\u00e1rframl\u00f6gum og fleiru.<\/p>\n\n\n\n<p>St\u00f3masamt\u00f6k \u00cdslands voru stofnu\u00f0 \u00e1ri\u00f0 1980 af br\u00fdnni \u00fe\u00f6rf og hag \u00edslenskra st\u00f3ma\u00feega a\u00f0 lei\u00f0arlj\u00f3si. \u00c1 s\u00ed\u00f0ustu 45 \u00e1rum h\u00f6fum vi\u00f0 \u00e1tt \u00fe\u00e1tt \u00ed a\u00f0 b\u00e6ta l\u00edfsg\u00e6\u00f0i \u00f3tal st\u00f3ma\u00feega h\u00e9r heima og auk \u00feess stutt st\u00f3ma\u00feega utan landsteina.<\/p>\n\n\n\n<p><a href=\"http:\/\/stoma.is\/wp-content\/uploads\/2025\/10\/NM-027367_SI_Heilsida94-1.pdf\">Sko\u00f0a augl\u00fdsingu<\/a><\/p>\n\n\n\n<figure class=\"wp-block-image size-large\"><a href=\"https:\/\/stoma.is\/wp-content\/uploads\/2025\/10\/NM-027367_SI_Heilsida94-1-1-scaled.jpg\"><img decoding=\"async\" loading=\"lazy\" width=\"670\" height=\"1024\" src=\"https:\/\/stoma.is\/wp-content\/uploads\/2025\/10\/NM-027367_SI_Heilsida94-1-1-670x1024.jpg\" alt=\"\" class=\"wp-image-1170\" srcset=\"http:\/\/stoma.is\/wp-content\/uploads\/2025\/10\/NM-027367_SI_Heilsida94-1-1-670x1024.jpg 670w, http:\/\/stoma.is\/wp-content\/uploads\/2025\/10\/NM-027367_SI_Heilsida94-1-1-196x300.jpg 196w, http:\/\/stoma.is\/wp-content\/uploads\/2025\/10\/NM-027367_SI_Heilsida94-1-1-768x1174.jpg 768w, http:\/\/stoma.is\/wp-content\/uploads\/2025\/10\/NM-027367_SI_Heilsida94-1-1-1004x1536.jpg 1004w, http:\/\/stoma.is\/wp-content\/uploads\/2025\/10\/NM-027367_SI_Heilsida94-1-1-1339x2048.jpg 1339w, http:\/\/stoma.is\/wp-content\/uploads\/2025\/10\/NM-027367_SI_Heilsida94-1-1-scaled.jpg 1674w\" sizes=\"(max-width: 670px) 100vw, 670px\" \/><\/a><\/figure>\n","protected":false},"excerpt":{"rendered":"<p>Al\u00fej\u00f3\u00f0adagur st\u00f3ma\u00feega, 4. okt\u00f3ber 2025, ber yfirskriftina: \u201eFalin f\u00f6tlun, s\u00fdnilegur stu\u00f0ningur. Al\u00fej\u00f3\u00f0leg samsta\u00f0a st\u00f3ma\u00feega.\u201c Af \u00fev\u00ed tilefni, og til a\u00f0 fagna 45 \u00e1ra afm\u00e6li samtakanna, viljum vi\u00f0 efla stu\u00f0ning okkar vi\u00f0 st\u00f3ma\u00feega \u00ed Afr\u00edku. Undanfarin \u00e1r h\u00f6fum vi\u00f0 styrkt st\u00f3masamt\u00f6k \u00ed \u00e1lfunni, a\u00f0allega \u00ed Simbabve og Samb\u00edu, me\u00f0 fj\u00e1rframl\u00f6gum og fleiru. St\u00f3masamt\u00f6k \u00cdslands voru stofnu\u00f0 [&hellip;]<\/p>\n","protected":false},"author":6,"featured_media":1168,"comment_status":"open","ping_status":"open","sticky":false,"template":"","format":"standard","meta":{"_genesis_hide_title":false,"_genesis_hide_breadcrumbs":false,"_genesis_hide_singular_image":false,"_genesis_hide_footer_widgets":false,"_genesis_custom_body_class":"","_genesis_custom_post_class":"","_genesis_layout":"","footnotes":""},"categories":[4],"tags":[],"jetpack_featured_media_url":"http:\/\/stoma.is\/wp-content\/uploads\/2025\/10\/45-ar.jpg","_links":{"self":[{"href":"http:\/\/stoma.is\/index.php?rest_route=\/wp\/v2\/posts\/1167"}],"collection":[{"href":"http:\/\/stoma.is\/index.php?rest_route=\/wp\/v2\/posts"}],"about":[{"href":"http:\/\/stoma.is\/index.php?rest_route=\/wp\/v2\/types\/post"}],"author":[{"embeddable":true,"href":"http:\/\/stoma.is\/index.php?rest_route=\/wp\/v2\/users\/6"}],"replies":[{"embeddable":true,"href":"http:\/\/stoma.is\/index.php?rest_route=%2Fwp%2Fv2%2Fcomments&post=1167"}],"version-history":[{"count":1,"href":"http:\/\/stoma.is\/index.php?rest_route=\/wp\/v2\/posts\/1167\/revisions"}],"predecessor-version":[{"id":1171,"href":"http:\/\/stoma.is\/index.php?rest_route=\/wp\/v2\/posts\/1167\/revisions\/1171"}],"wp:featuredmedia":[{"embeddable":true,"href":"http:\/\/stoma.is\/index.php?rest_route=\/wp\/v2\/media\/1168"}],"wp:attachment":[{"href":"http:\/\/stoma.is\/index.php?rest_route=%2Fwp%2Fv2%2Fmedia&parent=1167"}],"wp:term":[{"taxonomy":"category","embeddable":true,"href":"http:\/\/stoma.is\/index.php?rest_route=%2Fwp%2Fv2%2Fcategories&post=1167"},{"taxonomy":"post_tag","embeddable":true,"href":"http:\/\/stoma.is\/index.php?rest_route=%2Fwp%2Fv2%2Ftags&post=1167"}],"curies":[{"name":"wp","href":"https:\/\/api.w.org\/{rel}","templated":true}]}}