{"id":1137,"date":"2025-03-27T10:22:13","date_gmt":"2025-03-27T10:22:13","guid":{"rendered":"https:\/\/stoma.is\/?p=1137"},"modified":"2025-03-27T10:49:12","modified_gmt":"2025-03-27T10:49:12","slug":"malthing-krabbamein-i-blodruhalskirtli","status":"publish","type":"post","link":"http:\/\/stoma.is\/?p=1137","title":{"rendered":"M\u00e1l\u00feing: Krabbamein \u00ed bl\u00f6\u00f0ruh\u00e1lskirtli"},"content":{"rendered":"\n<p>H\u00e1degism\u00e1l\u00feing \u201eKrabba\u00admein \u00ed bl\u00f6\u00f0ru\u00adh\u00e1ls\u00adkirtli &#8211; l\u00edf og l\u00ed\u00f0\u00adan karla eft\u00adir me\u00f0\u00adfer\u00f0&#8220; \u00ed tilefni af Mottumars \u00fear sem \u00e1hersla ver\u00f0ur l\u00f6g\u00f0 \u00e1 l\u00edf og l\u00ed\u00f0an eftir me\u00f0fer\u00f0 vi\u00f0 bl\u00f6\u00f0ruh\u00e1lskirtilskrabbameini.<\/p>\n\n\n\n<p><strong>M\u00e1l\u00feingi\u00f0 ver\u00f0ur haldi\u00f0 \u00feann 31. mars kl. 11:30-13:00 \u00ed h\u00fasn\u00e6\u00f0i Krabbameinsf\u00e9lagsins, Sk\u00f3garhl\u00ed\u00f0 8. Einnig ver\u00f0ur bo\u00f0i\u00f0 upp \u00e1 streymi. Bo\u00f0i\u00f0 ver\u00f0ur upp \u00e1 l\u00e9ttar veitingar. H\u00fasi\u00f0 opnar kl 11.<\/strong><\/p>\n\n\n\n<p>Skr\u00e1ning, n\u00e1nari uppl\u00fdsingar o<strong>g hlekkur \u00e1 streym<\/strong>i:<a href=\"https:\/\/www.krabb.is\/starfid\/frettir-og-midlun\/malthing-krabbamein-i-blodruhalskirtli-streymi-i-bodi\" data-type=\"link\" data-id=\"https:\/\/www.krabb.is\/starfid\/frettir-og-midlun\/malthing-krabbamein-i-blodruhalskirtli-streymi-i-bodi\">https:\/\/www.krabb.is\/starfid\/frettir-og-midlun\/malthing-krabbamein-i-blodruhalskirtli-streymi-i-bodi<\/a><\/p>\n\n\n\n<p><\/p>\n","protected":false},"excerpt":{"rendered":"<p>H\u00e1degism\u00e1l\u00feing \u201eKrabba\u00admein \u00ed bl\u00f6\u00f0ru\u00adh\u00e1ls\u00adkirtli &#8211; l\u00edf og l\u00ed\u00f0\u00adan karla eft\u00adir me\u00f0\u00adfer\u00f0&#8220; \u00ed tilefni af Mottumars \u00fear sem \u00e1hersla ver\u00f0ur l\u00f6g\u00f0 \u00e1 l\u00edf og l\u00ed\u00f0an eftir me\u00f0fer\u00f0 vi\u00f0 bl\u00f6\u00f0ruh\u00e1lskirtilskrabbameini. M\u00e1l\u00feingi\u00f0 ver\u00f0ur haldi\u00f0 \u00feann 31. mars kl. 11:30-13:00 \u00ed h\u00fasn\u00e6\u00f0i Krabbameinsf\u00e9lagsins, Sk\u00f3garhl\u00ed\u00f0 8. Einnig ver\u00f0ur bo\u00f0i\u00f0 upp \u00e1 streymi. Bo\u00f0i\u00f0 ver\u00f0ur upp \u00e1 l\u00e9ttar veitingar. H\u00fasi\u00f0 opnar [&hellip;]<\/p>\n","protected":false},"author":6,"featured_media":1138,"comment_status":"open","ping_status":"open","sticky":false,"template":"","format":"standard","meta":{"_genesis_hide_title":false,"_genesis_hide_breadcrumbs":false,"_genesis_hide_singular_image":false,"_genesis_hide_footer_widgets":false,"_genesis_custom_body_class":"","_genesis_custom_post_class":"","_genesis_layout":"","footnotes":""},"categories":[4],"tags":[],"jetpack_featured_media_url":"http:\/\/stoma.is\/wp-content\/uploads\/2025\/03\/malthing-blodruhalskirtilskrabbamein-2025-1800x774-copy.jpg","_links":{"self":[{"href":"http:\/\/stoma.is\/index.php?rest_route=\/wp\/v2\/posts\/1137"}],"collection":[{"href":"http:\/\/stoma.is\/index.php?rest_route=\/wp\/v2\/posts"}],"about":[{"href":"http:\/\/stoma.is\/index.php?rest_route=\/wp\/v2\/types\/post"}],"author":[{"embeddable":true,"href":"http:\/\/stoma.is\/index.php?rest_route=\/wp\/v2\/users\/6"}],"replies":[{"embeddable":true,"href":"http:\/\/stoma.is\/index.php?rest_route=%2Fwp%2Fv2%2Fcomments&post=1137"}],"version-history":[{"count":2,"href":"http:\/\/stoma.is\/index.php?rest_route=\/wp\/v2\/posts\/1137\/revisions"}],"predecessor-version":[{"id":1141,"href":"http:\/\/stoma.is\/index.php?rest_route=\/wp\/v2\/posts\/1137\/revisions\/1141"}],"wp:featuredmedia":[{"embeddable":true,"href":"http:\/\/stoma.is\/index.php?rest_route=\/wp\/v2\/media\/1138"}],"wp:attachment":[{"href":"http:\/\/stoma.is\/index.php?rest_route=%2Fwp%2Fv2%2Fmedia&parent=1137"}],"wp:term":[{"taxonomy":"category","embeddable":true,"href":"http:\/\/stoma.is\/index.php?rest_route=%2Fwp%2Fv2%2Fcategories&post=1137"},{"taxonomy":"post_tag","embeddable":true,"href":"http:\/\/stoma.is\/index.php?rest_route=%2Fwp%2Fv2%2Ftags&post=1137"}],"curies":[{"name":"wp","href":"https:\/\/api.w.org\/{rel}","templated":true}]}}