{"id":1070,"date":"2023-02-20T09:58:20","date_gmt":"2023-02-20T09:58:20","guid":{"rendered":"http:\/\/stoma.is\/?p=1070"},"modified":"2023-02-20T09:58:21","modified_gmt":"2023-02-20T09:58:21","slug":"felagsfundur-2-mars","status":"publish","type":"post","link":"http:\/\/stoma.is\/?p=1070","title":{"rendered":"F\u00e9lagsfundur 2. mars"},"content":{"rendered":"\n<p><strong>F\u00e9lagsfundur St\u00f3masamtakanna ver\u00f0ur 2. mars \u00ed h\u00fasi Krabbameinsf\u00e9lagsins \u00ed Sk\u00f3garhl\u00ed\u00f0 .\u00a0 H\u00fasi\u00f0 opnar eins og vanalega kl 19:30 og fundarst\u00f6rf hefjast um kl. 20.<\/strong><\/p>\n\n\n\n<p>Fyrirlesari a\u00f0 \u00feessu sinni ver\u00f0ur Au\u00f0ur \u00ddr Sveinsd\u00f3ttir en h\u00fan er a\u00f0sto\u00f0ardeildarstj\u00f3ri \u00f6ryggisg\u00e6slu \u00e1 Keflav\u00edkurflugvelli.&nbsp; Undanfarin \u00e1r hefur oft veri\u00f0 umr\u00e6\u00f0a me\u00f0al st\u00f3ma\u00feega um \u00f6ryggisleit \u00ed flugst\u00f6\u00f0vum v\u00ed\u00f0a um heim og hefur sitt s\u00fdnst hverjum \u00ed \u00feeim efnum.&nbsp; N\u00fa er t\u00e6kif\u00e6ri til a\u00f0 r\u00e6\u00f0a m\u00e1li\u00f0 \u00ed \u00feaula og f\u00e1 greinarg\u00f3\u00f0ar uppl\u00fdsingar um hva\u00f0 er leyfilegt og hva\u00f0 ekki.&nbsp; Endilega fj\u00f6lmenni\u00f0 og hafi\u00f0 sko\u00f0un \u00e1 m\u00e1lefninu.<\/p>\n\n\n\n<p>F\u00e9lagsfundurinn sem \u00e1tti a\u00f0 vera \u00ed byrjun apr\u00edl fellur ni\u00f0ur \u00fear sem hef\u00f0bundna dagsetningu fyrir fundinn ber upp \u00e1 sk\u00edrdag.&nbsp;<\/p>\n\n\n\n<p>A\u00f0alfundur St\u00f3masamtakanna ver\u00f0ur s\u00ed\u00f0an haldinn fimmtudaginn 4. ma\u00ed \u00ed h\u00fasi Krabbameinsf\u00e9lagsins \u00ed Sk\u00f3garhl\u00ed\u00f0 og hefst kl. 19:30.&nbsp; V\u00e6ntanlega ver\u00f0ur fyrirlesari \u00e1 \u00feeim fundi eftir a\u00f0 hef\u00f0bundnum a\u00f0alfundarst\u00f6rfum l\u00fdkur.<\/p>\n\n\n\n<p>Forma\u00f0ur.<\/p>\n","protected":false},"excerpt":{"rendered":"<p>F\u00e9lagsfundur St\u00f3masamtakanna ver\u00f0ur 2. mars \u00ed h\u00fasi Krabbameinsf\u00e9lagsins \u00ed Sk\u00f3garhl\u00ed\u00f0 .\u00a0 H\u00fasi\u00f0 opnar eins og vanalega kl 19:30 og fundarst\u00f6rf hefjast um kl. 20. Fyrirlesari a\u00f0 \u00feessu sinni ver\u00f0ur Au\u00f0ur \u00ddr Sveinsd\u00f3ttir en h\u00fan er a\u00f0sto\u00f0ardeildarstj\u00f3ri \u00f6ryggisg\u00e6slu \u00e1 Keflav\u00edkurflugvelli.&nbsp; Undanfarin \u00e1r hefur oft veri\u00f0 umr\u00e6\u00f0a me\u00f0al st\u00f3ma\u00feega um \u00f6ryggisleit \u00ed flugst\u00f6\u00f0vum v\u00ed\u00f0a um heim og [&hellip;]<\/p>\n","protected":false},"author":6,"featured_media":1071,"comment_status":"open","ping_status":"open","sticky":false,"template":"","format":"standard","meta":{"_genesis_hide_title":false,"_genesis_hide_breadcrumbs":false,"_genesis_hide_singular_image":false,"_genesis_hide_footer_widgets":false,"_genesis_custom_body_class":"","_genesis_custom_post_class":"","_genesis_layout":"","footnotes":""},"categories":[4],"tags":[],"jetpack_featured_media_url":"http:\/\/stoma.is\/wp-content\/uploads\/2023\/02\/flugvelamynd.jpg","_links":{"self":[{"href":"http:\/\/stoma.is\/index.php?rest_route=\/wp\/v2\/posts\/1070"}],"collection":[{"href":"http:\/\/stoma.is\/index.php?rest_route=\/wp\/v2\/posts"}],"about":[{"href":"http:\/\/stoma.is\/index.php?rest_route=\/wp\/v2\/types\/post"}],"author":[{"embeddable":true,"href":"http:\/\/stoma.is\/index.php?rest_route=\/wp\/v2\/users\/6"}],"replies":[{"embeddable":true,"href":"http:\/\/stoma.is\/index.php?rest_route=%2Fwp%2Fv2%2Fcomments&post=1070"}],"version-history":[{"count":1,"href":"http:\/\/stoma.is\/index.php?rest_route=\/wp\/v2\/posts\/1070\/revisions"}],"predecessor-version":[{"id":1072,"href":"http:\/\/stoma.is\/index.php?rest_route=\/wp\/v2\/posts\/1070\/revisions\/1072"}],"wp:featuredmedia":[{"embeddable":true,"href":"http:\/\/stoma.is\/index.php?rest_route=\/wp\/v2\/media\/1071"}],"wp:attachment":[{"href":"http:\/\/stoma.is\/index.php?rest_route=%2Fwp%2Fv2%2Fmedia&parent=1070"}],"wp:term":[{"taxonomy":"category","embeddable":true,"href":"http:\/\/stoma.is\/index.php?rest_route=%2Fwp%2Fv2%2Fcategories&post=1070"},{"taxonomy":"post_tag","embeddable":true,"href":"http:\/\/stoma.is\/index.php?rest_route=%2Fwp%2Fv2%2Ftags&post=1070"}],"curies":[{"name":"wp","href":"https:\/\/api.w.org\/{rel}","templated":true}]}}